{"id":21040,"date":"2025-01-05T18:57:12","date_gmt":"2025-01-05T17:57:12","guid":{"rendered":"https:\/\/vub.hr\/erasmus-students-from-spain-have-successfully-completed-their-three-month-professional-internship\/"},"modified":"2025-01-20T19:00:57","modified_gmt":"2025-01-20T18:00:57","slug":"erasmus-students-from-spain-have-successfully-completed-their-three-month-professional-internship","status":"publish","type":"post","link":"https:\/\/vub.hr\/en\/erasmus-students-from-spain-have-successfully-completed-their-three-month-professional-internship\/","title":{"rendered":"Erasmus students from Spain have successfully completed their three-month professional internship."},"content":{"rendered":"\n<p>As part of the Erasmus+ program \ud83c\udf0d, our partner institution, Dubrava Clinical Hospital \ud83c\udfe5, hosted students Mar Xiang Puigvert Lopez and Arantzazu Regueiro Plazaola from Spain \ud83c\uddea\ud83c\uddf8. The Erasmus students successfully completed a three-month professional internship \ud83d\udcbc, gaining valuable knowledge \ud83d\udcda and experience \ud83c\udf1f. During the final meeting \ud83d\uddc2\ufe0f with their mentors, the achieved results \u2705 were analyzed, experiences \ud83e\udd1d were shared, and key successes \ud83c\udfc6 of this collaboration were highlighted.<\/p>\n\n<p>This successful initiative further emphasized the importance of connecting the academic community \ud83c\udf93, the healthcare sector \ud83e\ude7a, and international partners \ud83c\udf10 to develop professional competencies and enhance the quality of practice \ud83d\udcc8. Special thanks go to the Bjelovar University of Applied Sciences internship coordinator, Tanja Fistri\u0107, M.Sc. Med. Tech. \ud83d\udc69\u200d\u2695\ufe0f, and our exceptional mentors: Marija Antunovi\u0107, M.Sc. Med. Tech., Matko Filipovi\u0107, M.Sc. Med. Tech., Ru\u017eica Mrkonji\u0107, M.Sc. Med. Tech., Biljana Hr\u017ei\u0107, B.Sc. Med. Tech., Silvija \u0106enan, B.Sc. Med. Tech., Anita Klari\u0107, M.Sc. Med. Tech., Valentina Ko\u0161\u0107ak, M.Sc. Med. Tech., Verica \u0160erb, B.Sc. Med. Tech., Andreja Virt, B.Sc. Med. Tech., Senka Pejkovi\u0107, B.Sc. Med. Tech., Maja Ko\u0107i\u0161, B.Sc. Med. Tech., and Katarina Karamati\u0107, M.Sc. Med. Tech. \ud83d\udc4f for their expertise, dedication, and selfless effort \ud83d\udc96, which were key to the successful realization of this program.<\/p>\n\n<p>We extend our gratitude to the hospital director, Prof. Ivica Luk\u0161i\u0107, Ph.D., M.D. \ud83e\ude7a, and the head nurse, Ana Primorac, M.Sc. Med. Tech. \ud83c\udfc5, for their support and for providing the opportunity for this international collaboration \ud83c\udf1f. We look forward to continuing our partnership and achieving future successes together!<\/p>\n\n<p>#vub #sestrinstvo #erasmusplus \ud83d\udca1\u2728<\/p>\n\n<figure class=\"wp-block-gallery has-nested-images columns-default is-cropped wp-block-gallery-1 is-layout-flex wp-block-gallery-is-layout-flex\">\n<figure class=\"wp-block-image size-large\"><img loading=\"lazy\" decoding=\"async\" width=\"1024\" height=\"1024\" data-id=\"19872\" src=\"https:\/\/vub.hr\/wp-content\/uploads\/2024\/12\/469356445_1129603765831716_4746569580744674635_n-1024x1024.jpg\" alt=\"\" class=\"wp-image-19872\" srcset=\"https:\/\/vub.hr\/wp-content\/uploads\/2024\/12\/469356445_1129603765831716_4746569580744674635_n-1024x1024.jpg 1024w, https:\/\/vub.hr\/wp-content\/uploads\/2024\/12\/469356445_1129603765831716_4746569580744674635_n-300x300.jpg 300w, https:\/\/vub.hr\/wp-content\/uploads\/2024\/12\/469356445_1129603765831716_4746569580744674635_n-150x150.jpg 150w, https:\/\/vub.hr\/wp-content\/uploads\/2024\/12\/469356445_1129603765831716_4746569580744674635_n-768x768.jpg 768w, https:\/\/vub.hr\/wp-content\/uploads\/2024\/12\/469356445_1129603765831716_4746569580744674635_n-140x140.jpg 140w, https:\/\/vub.hr\/wp-content\/uploads\/2024\/12\/469356445_1129603765831716_4746569580744674635_n-100x100.jpg 100w, https:\/\/vub.hr\/wp-content\/uploads\/2024\/12\/469356445_1129603765831716_4746569580744674635_n-500x500.jpg 500w, https:\/\/vub.hr\/wp-content\/uploads\/2024\/12\/469356445_1129603765831716_4746569580744674635_n-350x350.jpg 350w, https:\/\/vub.hr\/wp-content\/uploads\/2024\/12\/469356445_1129603765831716_4746569580744674635_n-1000x1000.jpg 1000w, https:\/\/vub.hr\/wp-content\/uploads\/2024\/12\/469356445_1129603765831716_4746569580744674635_n-800x800.jpg 800w, https:\/\/vub.hr\/wp-content\/uploads\/2024\/12\/469356445_1129603765831716_4746569580744674635_n-1320x1320.jpg 1320w, https:\/\/vub.hr\/wp-content\/uploads\/2024\/12\/469356445_1129603765831716_4746569580744674635_n.jpg 1536w\" sizes=\"auto, (max-width: 1024px) 100vw, 1024px\" \/><\/figure>\n\n\n\n<figure class=\"wp-block-image size-large\"><img loading=\"lazy\" decoding=\"async\" width=\"900\" height=\"900\" data-id=\"19874\" src=\"https:\/\/vub.hr\/wp-content\/uploads\/2024\/12\/469217906_1129603729165053_4991861000465885512_n.jpg\" alt=\"\" class=\"wp-image-19874\" srcset=\"https:\/\/vub.hr\/wp-content\/uploads\/2024\/12\/469217906_1129603729165053_4991861000465885512_n.jpg 900w, https:\/\/vub.hr\/wp-content\/uploads\/2024\/12\/469217906_1129603729165053_4991861000465885512_n-300x300.jpg 300w, https:\/\/vub.hr\/wp-content\/uploads\/2024\/12\/469217906_1129603729165053_4991861000465885512_n-150x150.jpg 150w, https:\/\/vub.hr\/wp-content\/uploads\/2024\/12\/469217906_1129603729165053_4991861000465885512_n-768x768.jpg 768w, https:\/\/vub.hr\/wp-content\/uploads\/2024\/12\/469217906_1129603729165053_4991861000465885512_n-140x140.jpg 140w, https:\/\/vub.hr\/wp-content\/uploads\/2024\/12\/469217906_1129603729165053_4991861000465885512_n-100x100.jpg 100w, https:\/\/vub.hr\/wp-content\/uploads\/2024\/12\/469217906_1129603729165053_4991861000465885512_n-500x500.jpg 500w, https:\/\/vub.hr\/wp-content\/uploads\/2024\/12\/469217906_1129603729165053_4991861000465885512_n-350x350.jpg 350w, https:\/\/vub.hr\/wp-content\/uploads\/2024\/12\/469217906_1129603729165053_4991861000465885512_n-800x800.jpg 800w\" sizes=\"auto, (max-width: 900px) 100vw, 900px\" \/><\/figure>\n<\/figure>\n","protected":false},"excerpt":{"rendered":"<p>As part of the Erasmus+ program \ud83c\udf0d, our partner institution, Dubrava Clinical Hospital \ud83c\udfe5, hosted students Mar Xiang Puigvert Lopez and Arantzazu Regueiro Plazaola from Spain \ud83c\uddea\ud83c\uddf8. The Erasmus students&#8230;<\/p>\n","protected":false},"author":2,"featured_media":19873,"comment_status":"closed","ping_status":"closed","sticky":false,"template":"","format":"standard","meta":{"inline_featured_image":false,"footnotes":""},"categories":[64,59],"tags":[],"class_list":{"0":"post-21040","1":"post","2":"type-post","3":"status-publish","4":"format-standard","5":"has-post-thumbnail","7":"category-erasmus-iskustva-s-mobilnosti-en","8":"category-news"},"_links":{"self":[{"href":"https:\/\/vub.hr\/en\/wp-json\/wp\/v2\/posts\/21040","targetHints":{"allow":["GET"]}}],"collection":[{"href":"https:\/\/vub.hr\/en\/wp-json\/wp\/v2\/posts"}],"about":[{"href":"https:\/\/vub.hr\/en\/wp-json\/wp\/v2\/types\/post"}],"author":[{"embeddable":true,"href":"https:\/\/vub.hr\/en\/wp-json\/wp\/v2\/users\/2"}],"replies":[{"embeddable":true,"href":"https:\/\/vub.hr\/en\/wp-json\/wp\/v2\/comments?post=21040"}],"version-history":[{"count":1,"href":"https:\/\/vub.hr\/en\/wp-json\/wp\/v2\/posts\/21040\/revisions"}],"predecessor-version":[{"id":21041,"href":"https:\/\/vub.hr\/en\/wp-json\/wp\/v2\/posts\/21040\/revisions\/21041"}],"wp:featuredmedia":[{"embeddable":true,"href":"https:\/\/vub.hr\/en\/wp-json\/wp\/v2\/media\/19873"}],"wp:attachment":[{"href":"https:\/\/vub.hr\/en\/wp-json\/wp\/v2\/media?parent=21040"}],"wp:term":[{"taxonomy":"category","embeddable":true,"href":"https:\/\/vub.hr\/en\/wp-json\/wp\/v2\/categories?post=21040"},{"taxonomy":"post_tag","embeddable":true,"href":"https:\/\/vub.hr\/en\/wp-json\/wp\/v2\/tags?post=21040"}],"curies":[{"name":"wp","href":"https:\/\/api.w.org\/{rel}","templated":true}]}}