{"id":21042,"date":"2024-12-03T18:59:57","date_gmt":"2024-12-03T17:59:57","guid":{"rendered":"https:\/\/vub.hr\/a-great-story-about-long-term-collaboration-with-the-instituto-superior-de-administracao-e-linguas-isal\/"},"modified":"2025-01-20T19:00:44","modified_gmt":"2025-01-20T18:00:44","slug":"a-great-story-about-long-term-collaboration-with-the-instituto-superior-de-administracao-e-linguas-isal","status":"publish","type":"post","link":"https:\/\/vub.hr\/en\/a-great-story-about-long-term-collaboration-with-the-instituto-superior-de-administracao-e-linguas-isal\/","title":{"rendered":"A great story about long-term collaboration with the Instituto Superior de Administra\u00e7\u00e3o e L\u00ednguas (ISAL)."},"content":{"rendered":"\n<p>\ud83c\udf1f A wonderful story about long-term collaboration with the Instituto Superior de Administra\u00e7\u00e3o e L\u00ednguas (ISAL) from Madeira Island, Portugal.&#13;\n\ud83d\udcc5 On Tuesday, December 3, Bjelovar University of Applied Sciences was visited by Sancha de Campanella, the Deputy Director of this partner institution.&#13;\n\ud83d\udc69\u200d\ud83d\udcbc Dean Tatjana Badrov, Erasmus Coordinator Marina Markovi\u0107, and the Head of the joint INCLUDE project, Ivana Jurkovi\u0107, discussed with the guest the results of completed projects, the continuation of the current BIP project, as well as future collaboration.&#13;\n\ud83c\udf84 Naturally, we also showcased the beautiful Bjelovar Advent.<\/p>\n\n<p>#vub #erasmus #isal<\/p>\n\n<figure class=\"wp-block-gallery has-nested-images columns-default is-cropped wp-block-gallery-1 is-layout-flex wp-block-gallery-is-layout-flex\">\n<figure class=\"wp-block-image size-large\"><img loading=\"lazy\" decoding=\"async\" width=\"768\" height=\"1024\" data-id=\"19837\" src=\"https:\/\/vub.hr\/wp-content\/uploads\/2024\/12\/ured-768x1024.jpeg\" alt=\"\" class=\"wp-image-19837\" srcset=\"https:\/\/vub.hr\/wp-content\/uploads\/2024\/12\/ured-768x1024.jpeg 768w, https:\/\/vub.hr\/wp-content\/uploads\/2024\/12\/ured-225x300.jpeg 225w, https:\/\/vub.hr\/wp-content\/uploads\/2024\/12\/ured-1152x1536.jpeg 1152w, https:\/\/vub.hr\/wp-content\/uploads\/2024\/12\/ured-1320x1760.jpeg 1320w, https:\/\/vub.hr\/wp-content\/uploads\/2024\/12\/ured.jpeg 1536w\" sizes=\"auto, (max-width: 768px) 100vw, 768px\" \/><\/figure>\n\n\n\n<figure class=\"wp-block-image size-large\"><img loading=\"lazy\" decoding=\"async\" width=\"1011\" height=\"1024\" data-id=\"19839\" src=\"https:\/\/vub.hr\/wp-content\/uploads\/2024\/12\/Bor-1011x1024.jpg\" alt=\"\" class=\"wp-image-19839\" srcset=\"https:\/\/vub.hr\/wp-content\/uploads\/2024\/12\/Bor-1011x1024.jpg 1011w, https:\/\/vub.hr\/wp-content\/uploads\/2024\/12\/Bor-296x300.jpg 296w, https:\/\/vub.hr\/wp-content\/uploads\/2024\/12\/Bor-768x778.jpg 768w, https:\/\/vub.hr\/wp-content\/uploads\/2024\/12\/Bor-1516x1536.jpg 1516w, https:\/\/vub.hr\/wp-content\/uploads\/2024\/12\/Bor-100x100.jpg 100w, https:\/\/vub.hr\/wp-content\/uploads\/2024\/12\/Bor-1320x1337.jpg 1320w, https:\/\/vub.hr\/wp-content\/uploads\/2024\/12\/Bor.jpg 1536w\" sizes=\"auto, (max-width: 1011px) 100vw, 1011px\" \/><\/figure>\n<\/figure>\n","protected":false},"excerpt":{"rendered":"<p>\ud83c\udf1f A wonderful story about long-term collaboration with the Instituto Superior de Administra\u00e7\u00e3o e L\u00ednguas (ISAL) from Madeira Island, Portugal.&#13; \ud83d\udcc5 On Tuesday, December 3, Bjelovar University of Applied Sciences&#8230;<\/p>\n","protected":false},"author":2,"featured_media":19840,"comment_status":"closed","ping_status":"closed","sticky":false,"template":"","format":"standard","meta":{"inline_featured_image":false,"footnotes":""},"categories":[64,59],"tags":[],"class_list":{"0":"post-21042","1":"post","2":"type-post","3":"status-publish","4":"format-standard","5":"has-post-thumbnail","7":"category-erasmus-iskustva-s-mobilnosti-en","8":"category-news"},"_links":{"self":[{"href":"https:\/\/vub.hr\/en\/wp-json\/wp\/v2\/posts\/21042","targetHints":{"allow":["GET"]}}],"collection":[{"href":"https:\/\/vub.hr\/en\/wp-json\/wp\/v2\/posts"}],"about":[{"href":"https:\/\/vub.hr\/en\/wp-json\/wp\/v2\/types\/post"}],"author":[{"embeddable":true,"href":"https:\/\/vub.hr\/en\/wp-json\/wp\/v2\/users\/2"}],"replies":[{"embeddable":true,"href":"https:\/\/vub.hr\/en\/wp-json\/wp\/v2\/comments?post=21042"}],"version-history":[{"count":1,"href":"https:\/\/vub.hr\/en\/wp-json\/wp\/v2\/posts\/21042\/revisions"}],"predecessor-version":[{"id":21043,"href":"https:\/\/vub.hr\/en\/wp-json\/wp\/v2\/posts\/21042\/revisions\/21043"}],"wp:featuredmedia":[{"embeddable":true,"href":"https:\/\/vub.hr\/en\/wp-json\/wp\/v2\/media\/19840"}],"wp:attachment":[{"href":"https:\/\/vub.hr\/en\/wp-json\/wp\/v2\/media?parent=21042"}],"wp:term":[{"taxonomy":"category","embeddable":true,"href":"https:\/\/vub.hr\/en\/wp-json\/wp\/v2\/categories?post=21042"},{"taxonomy":"post_tag","embeddable":true,"href":"https:\/\/vub.hr\/en\/wp-json\/wp\/v2\/tags?post=21042"}],"curies":[{"name":"wp","href":"https:\/\/api.w.org\/{rel}","templated":true}]}}