{"id":21046,"date":"2024-11-12T19:05:54","date_gmt":"2024-11-12T18:05:54","guid":{"rendered":"https:\/\/vub.hr\/participation-in-the-panel-discussion-energy-%e2%9a%a1-and-digital-%f0%9f%92%bb-transition-in-the-context-of-education-%f0%9f%93%9a\/"},"modified":"2025-01-20T19:10:10","modified_gmt":"2025-01-20T18:10:10","slug":"participation-in-the-panel-discussion-energy-%e2%9a%a1-and-digital-%f0%9f%92%bb-transition-in-the-context-of-education-%f0%9f%93%9a","status":"publish","type":"post","link":"https:\/\/vub.hr\/en\/participation-in-the-panel-discussion-energy-%e2%9a%a1-and-digital-%f0%9f%92%bb-transition-in-the-context-of-education-%f0%9f%93%9a\/","title":{"rendered":"Participation in the panel discussion *Energy \u26a1 and Digital \ud83d\udcbb Transition in the Context of Education \ud83d\udcda*"},"content":{"rendered":"\n<p>Our Vice Dean for Teaching and Student Affairs \ud83c\udf93 Zoran Vrhovski participated today in the panel discussion titled *&#8221;Energy \u26a1 and Digital \ud83d\udcbb Transition in the Context of Education \ud83d\udcda&#8221;* as part of the 26th Craft and Business Fair of the Koprivnica-Kri\u017eevci County. The panel also featured representatives from our partner high schools: from the *Obrtni\u010dka \u0161kola Koprivnica* \ud83d\udee0\ufe0f, Director Zlatko Marti\u0107 and Teacher Sa\u0161a Seretin, and from the *Strukovna \u0161kola \u0110ur\u0111evac* \ud83c\udfeb, Director Darko \u0160poljar and Teacher Branko Pleadin.<\/p>\n\n<figure class=\"wp-block-gallery has-nested-images columns-default is-cropped wp-block-gallery-1 is-layout-flex wp-block-gallery-is-layout-flex\">\n<figure class=\"wp-block-image size-large\"><img loading=\"lazy\" decoding=\"async\" width=\"1024\" height=\"576\" data-id=\"19240\" src=\"https:\/\/vub.hr\/wp-content\/uploads\/2024\/11\/gospodarski-sajam-krizevci-panel-klik-1024x576.png\" alt=\"\" class=\"wp-image-19240\" srcset=\"https:\/\/vub.hr\/wp-content\/uploads\/2024\/11\/gospodarski-sajam-krizevci-panel-klik-1024x576.png 1024w, https:\/\/vub.hr\/wp-content\/uploads\/2024\/11\/gospodarski-sajam-krizevci-panel-klik-300x169.png 300w, https:\/\/vub.hr\/wp-content\/uploads\/2024\/11\/gospodarski-sajam-krizevci-panel-klik-768x432.png 768w, https:\/\/vub.hr\/wp-content\/uploads\/2024\/11\/gospodarski-sajam-krizevci-panel-klik-1536x864.png 1536w, https:\/\/vub.hr\/wp-content\/uploads\/2024\/11\/gospodarski-sajam-krizevci-panel-klik-2048x1152.png 2048w, https:\/\/vub.hr\/wp-content\/uploads\/2024\/11\/gospodarski-sajam-krizevci-panel-klik-1320x743.png 1320w\" sizes=\"auto, (max-width: 1024px) 100vw, 1024px\" \/><\/figure>\n<\/figure>\n\n<figure class=\"wp-block-image size-full\"><img loading=\"lazy\" decoding=\"async\" width=\"800\" height=\"533\" src=\"https:\/\/vub.hr\/wp-content\/uploads\/2024\/11\/99f17207-d97d-4b9e-8e9a-c13b82468122_800x800-equal.jpg\" alt=\"\" class=\"wp-image-19242\" srcset=\"https:\/\/vub.hr\/wp-content\/uploads\/2024\/11\/99f17207-d97d-4b9e-8e9a-c13b82468122_800x800-equal.jpg 800w, https:\/\/vub.hr\/wp-content\/uploads\/2024\/11\/99f17207-d97d-4b9e-8e9a-c13b82468122_800x800-equal-300x200.jpg 300w, https:\/\/vub.hr\/wp-content\/uploads\/2024\/11\/99f17207-d97d-4b9e-8e9a-c13b82468122_800x800-equal-768x512.jpg 768w\" sizes=\"auto, (max-width: 800px) 100vw, 800px\" \/><figcaption class=\"wp-element-caption\">Credit: prigorski.hr<\/figcaption><\/figure>\n","protected":false},"excerpt":{"rendered":"<p>Our Vice Dean for Teaching and Student Affairs \ud83c\udf93 Zoran Vrhovski participated today in the panel discussion titled *&#8221;Energy \u26a1 and Digital \ud83d\udcbb Transition in the Context of Education \ud83d\udcda&#8221;*&#8230;<\/p>\n","protected":false},"author":2,"featured_media":19243,"comment_status":"closed","ping_status":"closed","sticky":false,"template":"","format":"standard","meta":{"inline_featured_image":false,"footnotes":""},"categories":[82,59],"tags":[],"class_list":{"0":"post-21046","1":"post","2":"type-post","3":"status-publish","4":"format-standard","5":"has-post-thumbnail","7":"category-cooperation-with-the-economy-and-institutions","8":"category-news"},"_links":{"self":[{"href":"https:\/\/vub.hr\/en\/wp-json\/wp\/v2\/posts\/21046","targetHints":{"allow":["GET"]}}],"collection":[{"href":"https:\/\/vub.hr\/en\/wp-json\/wp\/v2\/posts"}],"about":[{"href":"https:\/\/vub.hr\/en\/wp-json\/wp\/v2\/types\/post"}],"author":[{"embeddable":true,"href":"https:\/\/vub.hr\/en\/wp-json\/wp\/v2\/users\/2"}],"replies":[{"embeddable":true,"href":"https:\/\/vub.hr\/en\/wp-json\/wp\/v2\/comments?post=21046"}],"version-history":[{"count":1,"href":"https:\/\/vub.hr\/en\/wp-json\/wp\/v2\/posts\/21046\/revisions"}],"predecessor-version":[{"id":21047,"href":"https:\/\/vub.hr\/en\/wp-json\/wp\/v2\/posts\/21046\/revisions\/21047"}],"wp:featuredmedia":[{"embeddable":true,"href":"https:\/\/vub.hr\/en\/wp-json\/wp\/v2\/media\/19243"}],"wp:attachment":[{"href":"https:\/\/vub.hr\/en\/wp-json\/wp\/v2\/media?parent=21046"}],"wp:term":[{"taxonomy":"category","embeddable":true,"href":"https:\/\/vub.hr\/en\/wp-json\/wp\/v2\/categories?post=21046"},{"taxonomy":"post_tag","embeddable":true,"href":"https:\/\/vub.hr\/en\/wp-json\/wp\/v2\/tags?post=21046"}],"curies":[{"name":"wp","href":"https:\/\/api.w.org\/{rel}","templated":true}]}}