{"id":21048,"date":"2024-11-03T19:06:58","date_gmt":"2024-11-03T18:06:58","guid":{"rendered":"https:\/\/vub.hr\/%f0%9f%8e%93-the-student-buddy-program-at-buas%f0%9f%8c%8d\/"},"modified":"2025-01-20T19:09:51","modified_gmt":"2025-01-20T18:09:51","slug":"%f0%9f%8e%93-the-student-buddy-program-at-buas%f0%9f%8c%8d","status":"publish","type":"post","link":"https:\/\/vub.hr\/en\/%f0%9f%8e%93-the-student-buddy-program-at-buas%f0%9f%8c%8d\/","title":{"rendered":"\ud83c\udf93 The Student Buddy Program at BUAS\ud83c\udf0d"},"content":{"rendered":"\n<p>Our student Darija Pelengi\u0107 \ud83d\udc69\u200d\ud83c\udf93, as part of the Student Buddy program, took our Erasmus students Nejra Rizvanovi\u0107 and Tarik Me\u0161i\u0107 (students from the <em>CEPS &#8211; Center for Business Studies<\/em> Kiseljak) to a play \ud83c\udfad at the Bjelovar Cultural Center. The Student Buddy program at VUB aims to help Erasmus+ students integrate into student life at the university \ud83e\udd1d. Additionally, the goal of this program is to involve Erasmus+ students in social activities \ud83d\udc6b in our community and make their stay at our university as enjoyable as possible \ud83c\udf1f.<\/p>\n\n<figure class=\"wp-block-image size-large\"><img loading=\"lazy\" decoding=\"async\" width=\"1024\" height=\"760\" src=\"https:\/\/vub.hr\/wp-content\/uploads\/2024\/10\/IMG-20241031-WA0008-1024x760.jpg\" alt=\"\" class=\"wp-image-18961\" srcset=\"https:\/\/vub.hr\/wp-content\/uploads\/2024\/10\/IMG-20241031-WA0008-1024x760.jpg 1024w, https:\/\/vub.hr\/wp-content\/uploads\/2024\/10\/IMG-20241031-WA0008-300x223.jpg 300w, https:\/\/vub.hr\/wp-content\/uploads\/2024\/10\/IMG-20241031-WA0008-768x570.jpg 768w, https:\/\/vub.hr\/wp-content\/uploads\/2024\/10\/IMG-20241031-WA0008-1536x1139.jpg 1536w, https:\/\/vub.hr\/wp-content\/uploads\/2024\/10\/IMG-20241031-WA0008-1320x979.jpg 1320w, https:\/\/vub.hr\/wp-content\/uploads\/2024\/10\/IMG-20241031-WA0008.jpg 1599w\" sizes=\"auto, (max-width: 1024px) 100vw, 1024px\" \/><\/figure>\n\n<figure class=\"wp-block-gallery has-nested-images columns-default is-cropped wp-block-gallery-1 is-layout-flex wp-block-gallery-is-layout-flex\">\n<figure class=\"wp-block-image size-large\"><img loading=\"lazy\" decoding=\"async\" width=\"1024\" height=\"771\" data-id=\"18959\" src=\"https:\/\/vub.hr\/wp-content\/uploads\/2024\/10\/IMG-20241031-WA0007-1024x771.jpg\" alt=\"\" class=\"wp-image-18959\" srcset=\"https:\/\/vub.hr\/wp-content\/uploads\/2024\/10\/IMG-20241031-WA0007-1024x771.jpg 1024w, https:\/\/vub.hr\/wp-content\/uploads\/2024\/10\/IMG-20241031-WA0007-300x226.jpg 300w, https:\/\/vub.hr\/wp-content\/uploads\/2024\/10\/IMG-20241031-WA0007-768x578.jpg 768w, https:\/\/vub.hr\/wp-content\/uploads\/2024\/10\/IMG-20241031-WA0007-1536x1156.jpg 1536w, https:\/\/vub.hr\/wp-content\/uploads\/2024\/10\/IMG-20241031-WA0007-1320x993.jpg 1320w, https:\/\/vub.hr\/wp-content\/uploads\/2024\/10\/IMG-20241031-WA0007.jpg 1600w\" sizes=\"auto, (max-width: 1024px) 100vw, 1024px\" \/><\/figure>\n\n\n\n<figure class=\"wp-block-image size-large\"><img loading=\"lazy\" decoding=\"async\" width=\"1024\" height=\"771\" data-id=\"18957\" src=\"https:\/\/vub.hr\/wp-content\/uploads\/2024\/10\/IMG-20241031-WA0006-1024x771.jpg\" alt=\"\" class=\"wp-image-18957\" srcset=\"https:\/\/vub.hr\/wp-content\/uploads\/2024\/10\/IMG-20241031-WA0006-1024x771.jpg 1024w, https:\/\/vub.hr\/wp-content\/uploads\/2024\/10\/IMG-20241031-WA0006-300x226.jpg 300w, https:\/\/vub.hr\/wp-content\/uploads\/2024\/10\/IMG-20241031-WA0006-768x578.jpg 768w, https:\/\/vub.hr\/wp-content\/uploads\/2024\/10\/IMG-20241031-WA0006-1536x1156.jpg 1536w, https:\/\/vub.hr\/wp-content\/uploads\/2024\/10\/IMG-20241031-WA0006-1320x993.jpg 1320w, https:\/\/vub.hr\/wp-content\/uploads\/2024\/10\/IMG-20241031-WA0006.jpg 1600w\" sizes=\"auto, (max-width: 1024px) 100vw, 1024px\" \/><\/figure>\n<\/figure>\n","protected":false},"excerpt":{"rendered":"<p>Our student Darija Pelengi\u0107 \ud83d\udc69\u200d\ud83c\udf93, as part of the Student Buddy program, took our Erasmus students Nejra Rizvanovi\u0107 and Tarik Me\u0161i\u0107 (students from the CEPS &#8211; Center for Business Studies&#8230;<\/p>\n","protected":false},"author":2,"featured_media":18962,"comment_status":"closed","ping_status":"closed","sticky":false,"template":"","format":"standard","meta":{"inline_featured_image":false,"footnotes":""},"categories":[84,64,59],"tags":[],"class_list":{"0":"post-21048","1":"post","2":"type-post","3":"status-publish","4":"format-standard","5":"has-post-thumbnail","7":"category-erasmus-information-for-students","8":"category-erasmus-iskustva-s-mobilnosti-en","9":"category-news"},"_links":{"self":[{"href":"https:\/\/vub.hr\/en\/wp-json\/wp\/v2\/posts\/21048","targetHints":{"allow":["GET"]}}],"collection":[{"href":"https:\/\/vub.hr\/en\/wp-json\/wp\/v2\/posts"}],"about":[{"href":"https:\/\/vub.hr\/en\/wp-json\/wp\/v2\/types\/post"}],"author":[{"embeddable":true,"href":"https:\/\/vub.hr\/en\/wp-json\/wp\/v2\/users\/2"}],"replies":[{"embeddable":true,"href":"https:\/\/vub.hr\/en\/wp-json\/wp\/v2\/comments?post=21048"}],"version-history":[{"count":1,"href":"https:\/\/vub.hr\/en\/wp-json\/wp\/v2\/posts\/21048\/revisions"}],"predecessor-version":[{"id":21049,"href":"https:\/\/vub.hr\/en\/wp-json\/wp\/v2\/posts\/21048\/revisions\/21049"}],"wp:featuredmedia":[{"embeddable":true,"href":"https:\/\/vub.hr\/en\/wp-json\/wp\/v2\/media\/18962"}],"wp:attachment":[{"href":"https:\/\/vub.hr\/en\/wp-json\/wp\/v2\/media?parent=21048"}],"wp:term":[{"taxonomy":"category","embeddable":true,"href":"https:\/\/vub.hr\/en\/wp-json\/wp\/v2\/categories?post=21048"},{"taxonomy":"post_tag","embeddable":true,"href":"https:\/\/vub.hr\/en\/wp-json\/wp\/v2\/tags?post=21048"}],"curies":[{"name":"wp","href":"https:\/\/api.w.org\/{rel}","templated":true}]}}