{"id":21061,"date":"2024-10-08T21:19:10","date_gmt":"2024-10-08T19:19:10","guid":{"rendered":"https:\/\/vub.hr\/incoming-erasmus-mobility-of-ceps-students\/"},"modified":"2025-01-20T21:20:28","modified_gmt":"2025-01-20T20:20:28","slug":"incoming-erasmus-mobility-of-ceps-students","status":"publish","type":"post","link":"https:\/\/vub.hr\/en\/incoming-erasmus-mobility-of-ceps-students\/","title":{"rendered":"Incoming Erasmus+ mobility of CEPS students"},"content":{"rendered":"\n<p>\ud83c\udf1f Nejra Rizvanovi\u0107 and Tarik Me\u0161i\u0107, students of the Higher School &#8220;CEPS &#8211; Center for Business Studies&#8221; Kiseljak (Bosnia and Herzegovina), have arrived for their Erasmus+ mobility at our university. \ud83d\udcda In the winter semester, they will attend classes with our computing students. \ud83d\udcbb We wish our Erasmus+ students an enjoyable stay at the university and in the city of Bjelovar. \ud83c\udf0d\u2728<\/p>\n\n<figure class=\"wp-block-image size-large\"><img loading=\"lazy\" decoding=\"async\" width=\"1024\" height=\"577\" src=\"https:\/\/vub.hr\/wp-content\/uploads\/2024\/10\/WhatsApp-Slika-2024-10-08-u-11.00.43_796f3cfb-1024x577.jpg\" alt=\"\" class=\"wp-image-18233\" srcset=\"https:\/\/vub.hr\/wp-content\/uploads\/2024\/10\/WhatsApp-Slika-2024-10-08-u-11.00.43_796f3cfb-1024x577.jpg 1024w, https:\/\/vub.hr\/wp-content\/uploads\/2024\/10\/WhatsApp-Slika-2024-10-08-u-11.00.43_796f3cfb-300x169.jpg 300w, https:\/\/vub.hr\/wp-content\/uploads\/2024\/10\/WhatsApp-Slika-2024-10-08-u-11.00.43_796f3cfb-768x432.jpg 768w, https:\/\/vub.hr\/wp-content\/uploads\/2024\/10\/WhatsApp-Slika-2024-10-08-u-11.00.43_796f3cfb-1536x865.jpg 1536w, https:\/\/vub.hr\/wp-content\/uploads\/2024\/10\/WhatsApp-Slika-2024-10-08-u-11.00.43_796f3cfb-2048x1153.jpg 2048w, https:\/\/vub.hr\/wp-content\/uploads\/2024\/10\/WhatsApp-Slika-2024-10-08-u-11.00.43_796f3cfb-1320x743.jpg 1320w\" sizes=\"auto, (max-width: 1024px) 100vw, 1024px\" \/><\/figure>\n","protected":false},"excerpt":{"rendered":"<p>\ud83c\udf1f Nejra Rizvanovi\u0107 and Tarik Me\u0161i\u0107, students of the Higher School &#8220;CEPS &#8211; Center for Business Studies&#8221; Kiseljak (Bosnia and Herzegovina), have arrived for their Erasmus+ mobility at our university&#8230;.<\/p>\n","protected":false},"author":2,"featured_media":18234,"comment_status":"closed","ping_status":"closed","sticky":false,"template":"","format":"standard","meta":{"inline_featured_image":false,"footnotes":""},"categories":[64,59],"tags":[],"class_list":{"0":"post-21061","1":"post","2":"type-post","3":"status-publish","4":"format-standard","5":"has-post-thumbnail","7":"category-erasmus-iskustva-s-mobilnosti-en","8":"category-news"},"_links":{"self":[{"href":"https:\/\/vub.hr\/en\/wp-json\/wp\/v2\/posts\/21061","targetHints":{"allow":["GET"]}}],"collection":[{"href":"https:\/\/vub.hr\/en\/wp-json\/wp\/v2\/posts"}],"about":[{"href":"https:\/\/vub.hr\/en\/wp-json\/wp\/v2\/types\/post"}],"author":[{"embeddable":true,"href":"https:\/\/vub.hr\/en\/wp-json\/wp\/v2\/users\/2"}],"replies":[{"embeddable":true,"href":"https:\/\/vub.hr\/en\/wp-json\/wp\/v2\/comments?post=21061"}],"version-history":[{"count":1,"href":"https:\/\/vub.hr\/en\/wp-json\/wp\/v2\/posts\/21061\/revisions"}],"predecessor-version":[{"id":21062,"href":"https:\/\/vub.hr\/en\/wp-json\/wp\/v2\/posts\/21061\/revisions\/21062"}],"wp:featuredmedia":[{"embeddable":true,"href":"https:\/\/vub.hr\/en\/wp-json\/wp\/v2\/media\/18234"}],"wp:attachment":[{"href":"https:\/\/vub.hr\/en\/wp-json\/wp\/v2\/media?parent=21061"}],"wp:term":[{"taxonomy":"category","embeddable":true,"href":"https:\/\/vub.hr\/en\/wp-json\/wp\/v2\/categories?post=21061"},{"taxonomy":"post_tag","embeddable":true,"href":"https:\/\/vub.hr\/en\/wp-json\/wp\/v2\/tags?post=21061"}],"curies":[{"name":"wp","href":"https:\/\/api.w.org\/{rel}","templated":true}]}}