{"id":21176,"date":"2023-07-11T23:40:00","date_gmt":"2023-07-11T21:40:00","guid":{"rendered":"https:\/\/vub.hr\/erasmus-staff-mobility-from-epoka-university-albania\/"},"modified":"2025-01-21T23:44:21","modified_gmt":"2025-01-21T22:44:21","slug":"erasmus-staff-mobility-from-epoka-university-albania","status":"publish","type":"post","link":"https:\/\/vub.hr\/en\/erasmus-staff-mobility-from-epoka-university-albania\/","title":{"rendered":"ERASMUS+ STAFF MOBILITY FROM EPOKA UNIVERSITY (ALBANIA)"},"content":{"rendered":"\n<p>Administrative staff from Epoka University in Tirana (Albania) M\u00ebtin Gerra, Endrit Xhemail, and Endri Pajollari are visiting Bjelovar University of Applied Sciences as part of the Erasmus+ staff exchange program. \ud83d\udcbb\ud83d\udcda Our vice-deans Tatjana Badrov and Zoran Vrhovski, heads of the Computer Science and Mechatronics departments Tomislav Adamovi\u0107 and Goran Benkek, and Erasmus coordinator Mateo Ivan\u010di\u0107, met with colleagues from Epoka University to discuss study processes and future collaboration. \ud83c\udf0d\ud83e\udd1d<\/p>\n\n<p>#vub #epokauniv #erasmusplus<\/p>\n\n<figure class=\"wp-block-image size-large\"><img loading=\"lazy\" decoding=\"async\" width=\"1024\" height=\"577\" src=\"https:\/\/vub.hr\/wp-content\/uploads\/2023\/07\/WhatsApp-Slika-2023-07-11-u-14.18.41-1024x577.jpg\" alt=\"\" class=\"wp-image-11095\" srcset=\"https:\/\/vub.hr\/wp-content\/uploads\/2023\/07\/WhatsApp-Slika-2023-07-11-u-14.18.41-1024x577.jpg 1024w, https:\/\/vub.hr\/wp-content\/uploads\/2023\/07\/WhatsApp-Slika-2023-07-11-u-14.18.41-300x169.jpg 300w, https:\/\/vub.hr\/wp-content\/uploads\/2023\/07\/WhatsApp-Slika-2023-07-11-u-14.18.41-768x432.jpg 768w, https:\/\/vub.hr\/wp-content\/uploads\/2023\/07\/WhatsApp-Slika-2023-07-11-u-14.18.41-1536x865.jpg 1536w, https:\/\/vub.hr\/wp-content\/uploads\/2023\/07\/WhatsApp-Slika-2023-07-11-u-14.18.41-1320x743.jpg 1320w, https:\/\/vub.hr\/wp-content\/uploads\/2023\/07\/WhatsApp-Slika-2023-07-11-u-14.18.41.jpg 2048w\" sizes=\"auto, (max-width: 1024px) 100vw, 1024px\" \/><\/figure>\n\n<figure class=\"wp-block-image size-large\"><img loading=\"lazy\" decoding=\"async\" width=\"1024\" height=\"768\" src=\"https:\/\/vub.hr\/wp-content\/uploads\/2023\/07\/WhatsApp-Slika-2023-07-11-u-15.30.50-1024x768.jpg\" alt=\"\" class=\"wp-image-11097\" srcset=\"https:\/\/vub.hr\/wp-content\/uploads\/2023\/07\/WhatsApp-Slika-2023-07-11-u-15.30.50-1024x768.jpg 1024w, https:\/\/vub.hr\/wp-content\/uploads\/2023\/07\/WhatsApp-Slika-2023-07-11-u-15.30.50-300x225.jpg 300w, https:\/\/vub.hr\/wp-content\/uploads\/2023\/07\/WhatsApp-Slika-2023-07-11-u-15.30.50-768x576.jpg 768w, https:\/\/vub.hr\/wp-content\/uploads\/2023\/07\/WhatsApp-Slika-2023-07-11-u-15.30.50-1536x1152.jpg 1536w, https:\/\/vub.hr\/wp-content\/uploads\/2023\/07\/WhatsApp-Slika-2023-07-11-u-15.30.50-1320x990.jpg 1320w, https:\/\/vub.hr\/wp-content\/uploads\/2023\/07\/WhatsApp-Slika-2023-07-11-u-15.30.50.jpg 1600w\" sizes=\"auto, (max-width: 1024px) 100vw, 1024px\" \/><\/figure>\n\n<figure class=\"wp-block-image size-large\"><img loading=\"lazy\" decoding=\"async\" width=\"768\" height=\"1024\" src=\"https:\/\/vub.hr\/wp-content\/uploads\/2023\/07\/WhatsApp-Slika-2023-07-11-u-15.30.51-768x1024.jpg\" alt=\"\" class=\"wp-image-11099\" srcset=\"https:\/\/vub.hr\/wp-content\/uploads\/2023\/07\/WhatsApp-Slika-2023-07-11-u-15.30.51-768x1024.jpg 768w, https:\/\/vub.hr\/wp-content\/uploads\/2023\/07\/WhatsApp-Slika-2023-07-11-u-15.30.51-225x300.jpg 225w, https:\/\/vub.hr\/wp-content\/uploads\/2023\/07\/WhatsApp-Slika-2023-07-11-u-15.30.51-1152x1536.jpg 1152w, https:\/\/vub.hr\/wp-content\/uploads\/2023\/07\/WhatsApp-Slika-2023-07-11-u-15.30.51.jpg 1200w\" sizes=\"auto, (max-width: 768px) 100vw, 768px\" \/><\/figure>\n","protected":false},"excerpt":{"rendered":"<p>Administrative staff from Epoka University in Tirana (Albania) M\u00ebtin Gerra, Endrit Xhemail, and Endri Pajollari are visiting Bjelovar University of Applied Sciences as part of the Erasmus+ staff exchange program&#8230;.<\/p>\n","protected":false},"author":2,"featured_media":11096,"comment_status":"closed","ping_status":"closed","sticky":false,"template":"","format":"standard","meta":{"inline_featured_image":false,"footnotes":""},"categories":[64,59],"tags":[],"class_list":{"0":"post-21176","1":"post","2":"type-post","3":"status-publish","4":"format-standard","5":"has-post-thumbnail","7":"category-erasmus-iskustva-s-mobilnosti-en","8":"category-news"},"_links":{"self":[{"href":"https:\/\/vub.hr\/en\/wp-json\/wp\/v2\/posts\/21176","targetHints":{"allow":["GET"]}}],"collection":[{"href":"https:\/\/vub.hr\/en\/wp-json\/wp\/v2\/posts"}],"about":[{"href":"https:\/\/vub.hr\/en\/wp-json\/wp\/v2\/types\/post"}],"author":[{"embeddable":true,"href":"https:\/\/vub.hr\/en\/wp-json\/wp\/v2\/users\/2"}],"replies":[{"embeddable":true,"href":"https:\/\/vub.hr\/en\/wp-json\/wp\/v2\/comments?post=21176"}],"version-history":[{"count":1,"href":"https:\/\/vub.hr\/en\/wp-json\/wp\/v2\/posts\/21176\/revisions"}],"predecessor-version":[{"id":21177,"href":"https:\/\/vub.hr\/en\/wp-json\/wp\/v2\/posts\/21176\/revisions\/21177"}],"wp:featuredmedia":[{"embeddable":true,"href":"https:\/\/vub.hr\/en\/wp-json\/wp\/v2\/media\/11096"}],"wp:attachment":[{"href":"https:\/\/vub.hr\/en\/wp-json\/wp\/v2\/media?parent=21176"}],"wp:term":[{"taxonomy":"category","embeddable":true,"href":"https:\/\/vub.hr\/en\/wp-json\/wp\/v2\/categories?post=21176"},{"taxonomy":"post_tag","embeddable":true,"href":"https:\/\/vub.hr\/en\/wp-json\/wp\/v2\/tags?post=21176"}],"curies":[{"name":"wp","href":"https:\/\/api.w.org\/{rel}","templated":true}]}}