{"id":21182,"date":"2023-07-11T23:43:00","date_gmt":"2023-07-11T21:43:00","guid":{"rendered":"https:\/\/vub.hr\/erasmus-staff-mobility-ceps\/"},"modified":"2025-01-21T23:44:58","modified_gmt":"2025-01-21T22:44:58","slug":"erasmus-staff-mobility-ceps","status":"publish","type":"post","link":"https:\/\/vub.hr\/en\/erasmus-staff-mobility-ceps\/","title":{"rendered":"ERASMUS+ STAFF MOBILITY &#8211; CEPS"},"content":{"rendered":"\n<p>Head of the Computer Science Department at CEPS &#8211; Center for Business Studies in Kiseljak, Samir \u0160\u010deti\u0107, is visiting Bjelovar University of Applied Sciences as part of the Erasmus+ staff exchange program. \ud83d\udc69\u200d\ud83c\udf93\ud83e\udd1d\ud83c\udfeb\ud83c\udf0d Samir was welcomed and introduced to our university by the head of the Mechatronics program, Goran Benkek, and Erasmus coordinator Mateo Ivan\u010di\u0107. \ud83e\udd1d We wish Samir a pleasant stay at our university and in the city of Bjelovar. \ud83c\udf1f<\/p>\n\n<figure class=\"wp-block-gallery has-nested-images columns-default is-cropped wp-block-gallery-1 is-layout-flex wp-block-gallery-is-layout-flex\">\n<figure class=\"wp-block-image size-large\"><img loading=\"lazy\" decoding=\"async\" width=\"768\" height=\"1024\" data-id=\"10839\" src=\"https:\/\/vub.hr\/wp-content\/uploads\/2023\/06\/WhatsApp-Slika-2023-06-20-u-13.57.542-768x1024.jpg\" alt=\"\" class=\"wp-image-10839\" srcset=\"https:\/\/vub.hr\/wp-content\/uploads\/2023\/06\/WhatsApp-Slika-2023-06-20-u-13.57.542-768x1024.jpg 768w, https:\/\/vub.hr\/wp-content\/uploads\/2023\/06\/WhatsApp-Slika-2023-06-20-u-13.57.542-225x300.jpg 225w, https:\/\/vub.hr\/wp-content\/uploads\/2023\/06\/WhatsApp-Slika-2023-06-20-u-13.57.542-1152x1536.jpg 1152w, https:\/\/vub.hr\/wp-content\/uploads\/2023\/06\/WhatsApp-Slika-2023-06-20-u-13.57.542-1320x1760.jpg 1320w, https:\/\/vub.hr\/wp-content\/uploads\/2023\/06\/WhatsApp-Slika-2023-06-20-u-13.57.542.jpg 1512w\" sizes=\"auto, (max-width: 768px) 100vw, 768px\" \/><\/figure>\n\n\n\n<figure class=\"wp-block-image size-large\"><img loading=\"lazy\" decoding=\"async\" width=\"768\" height=\"1024\" data-id=\"10841\" src=\"https:\/\/vub.hr\/wp-content\/uploads\/2023\/06\/WhatsApp-Slika-2023-06-20-u-13.57.545-768x1024.jpg\" alt=\"\" class=\"wp-image-10841\" srcset=\"https:\/\/vub.hr\/wp-content\/uploads\/2023\/06\/WhatsApp-Slika-2023-06-20-u-13.57.545-768x1024.jpg 768w, https:\/\/vub.hr\/wp-content\/uploads\/2023\/06\/WhatsApp-Slika-2023-06-20-u-13.57.545-225x300.jpg 225w, https:\/\/vub.hr\/wp-content\/uploads\/2023\/06\/WhatsApp-Slika-2023-06-20-u-13.57.545-1152x1536.jpg 1152w, https:\/\/vub.hr\/wp-content\/uploads\/2023\/06\/WhatsApp-Slika-2023-06-20-u-13.57.545-1320x1760.jpg 1320w, https:\/\/vub.hr\/wp-content\/uploads\/2023\/06\/WhatsApp-Slika-2023-06-20-u-13.57.545.jpg 1512w\" sizes=\"auto, (max-width: 768px) 100vw, 768px\" \/><\/figure>\n\n\n\n<figure class=\"wp-block-image size-large\"><img loading=\"lazy\" decoding=\"async\" width=\"1024\" height=\"768\" data-id=\"10843\" src=\"https:\/\/vub.hr\/wp-content\/uploads\/2023\/06\/WhatsApp-Slika-2023-06-20-u-13.57.546-1024x768.jpg\" alt=\"\" class=\"wp-image-10843\" srcset=\"https:\/\/vub.hr\/wp-content\/uploads\/2023\/06\/WhatsApp-Slika-2023-06-20-u-13.57.546-1024x768.jpg 1024w, https:\/\/vub.hr\/wp-content\/uploads\/2023\/06\/WhatsApp-Slika-2023-06-20-u-13.57.546-300x225.jpg 300w, https:\/\/vub.hr\/wp-content\/uploads\/2023\/06\/WhatsApp-Slika-2023-06-20-u-13.57.546-768x576.jpg 768w, https:\/\/vub.hr\/wp-content\/uploads\/2023\/06\/WhatsApp-Slika-2023-06-20-u-13.57.546-1536x1152.jpg 1536w, https:\/\/vub.hr\/wp-content\/uploads\/2023\/06\/WhatsApp-Slika-2023-06-20-u-13.57.546-1320x990.jpg 1320w, https:\/\/vub.hr\/wp-content\/uploads\/2023\/06\/WhatsApp-Slika-2023-06-20-u-13.57.546.jpg 2016w\" sizes=\"auto, (max-width: 1024px) 100vw, 1024px\" \/><\/figure>\n\n\n\n<figure class=\"wp-block-image size-large\"><img loading=\"lazy\" decoding=\"async\" width=\"768\" height=\"1024\" data-id=\"10845\" src=\"https:\/\/vub.hr\/wp-content\/uploads\/2023\/06\/WhatsApp-Slika-2023-06-20-u-13.57.53-768x1024.jpg\" alt=\"\" class=\"wp-image-10845\" srcset=\"https:\/\/vub.hr\/wp-content\/uploads\/2023\/06\/WhatsApp-Slika-2023-06-20-u-13.57.53-768x1024.jpg 768w, https:\/\/vub.hr\/wp-content\/uploads\/2023\/06\/WhatsApp-Slika-2023-06-20-u-13.57.53-225x300.jpg 225w, https:\/\/vub.hr\/wp-content\/uploads\/2023\/06\/WhatsApp-Slika-2023-06-20-u-13.57.53-1152x1536.jpg 1152w, https:\/\/vub.hr\/wp-content\/uploads\/2023\/06\/WhatsApp-Slika-2023-06-20-u-13.57.53-1320x1760.jpg 1320w, https:\/\/vub.hr\/wp-content\/uploads\/2023\/06\/WhatsApp-Slika-2023-06-20-u-13.57.53.jpg 1512w\" sizes=\"auto, (max-width: 768px) 100vw, 768px\" \/><\/figure>\n\n\n\n<figure class=\"wp-block-image size-large\"><img loading=\"lazy\" decoding=\"async\" width=\"768\" height=\"1024\" data-id=\"10847\" src=\"https:\/\/vub.hr\/wp-content\/uploads\/2023\/06\/WhatsApp-Slika-2023-06-20-u-13.57.544-768x1024.jpg\" alt=\"\" class=\"wp-image-10847\" srcset=\"https:\/\/vub.hr\/wp-content\/uploads\/2023\/06\/WhatsApp-Slika-2023-06-20-u-13.57.544-768x1024.jpg 768w, https:\/\/vub.hr\/wp-content\/uploads\/2023\/06\/WhatsApp-Slika-2023-06-20-u-13.57.544-225x300.jpg 225w, https:\/\/vub.hr\/wp-content\/uploads\/2023\/06\/WhatsApp-Slika-2023-06-20-u-13.57.544-1152x1536.jpg 1152w, https:\/\/vub.hr\/wp-content\/uploads\/2023\/06\/WhatsApp-Slika-2023-06-20-u-13.57.544-1320x1760.jpg 1320w, https:\/\/vub.hr\/wp-content\/uploads\/2023\/06\/WhatsApp-Slika-2023-06-20-u-13.57.544.jpg 1512w\" sizes=\"auto, (max-width: 768px) 100vw, 768px\" \/><\/figure>\n<\/figure>\n","protected":false},"excerpt":{"rendered":"<p>Head of the Computer Science Department at CEPS &#8211; Center for Business Studies in Kiseljak, Samir \u0160\u010deti\u0107, is visiting Bjelovar University of Applied Sciences as part of the Erasmus+ staff&#8230;<\/p>\n","protected":false},"author":2,"featured_media":10846,"comment_status":"closed","ping_status":"closed","sticky":false,"template":"","format":"standard","meta":{"inline_featured_image":false,"footnotes":""},"categories":[64,59],"tags":[],"class_list":{"0":"post-21182","1":"post","2":"type-post","3":"status-publish","4":"format-standard","5":"has-post-thumbnail","7":"category-erasmus-iskustva-s-mobilnosti-en","8":"category-news"},"_links":{"self":[{"href":"https:\/\/vub.hr\/en\/wp-json\/wp\/v2\/posts\/21182","targetHints":{"allow":["GET"]}}],"collection":[{"href":"https:\/\/vub.hr\/en\/wp-json\/wp\/v2\/posts"}],"about":[{"href":"https:\/\/vub.hr\/en\/wp-json\/wp\/v2\/types\/post"}],"author":[{"embeddable":true,"href":"https:\/\/vub.hr\/en\/wp-json\/wp\/v2\/users\/2"}],"replies":[{"embeddable":true,"href":"https:\/\/vub.hr\/en\/wp-json\/wp\/v2\/comments?post=21182"}],"version-history":[{"count":1,"href":"https:\/\/vub.hr\/en\/wp-json\/wp\/v2\/posts\/21182\/revisions"}],"predecessor-version":[{"id":21183,"href":"https:\/\/vub.hr\/en\/wp-json\/wp\/v2\/posts\/21182\/revisions\/21183"}],"wp:featuredmedia":[{"embeddable":true,"href":"https:\/\/vub.hr\/en\/wp-json\/wp\/v2\/media\/10846"}],"wp:attachment":[{"href":"https:\/\/vub.hr\/en\/wp-json\/wp\/v2\/media?parent=21182"}],"wp:term":[{"taxonomy":"category","embeddable":true,"href":"https:\/\/vub.hr\/en\/wp-json\/wp\/v2\/categories?post=21182"},{"taxonomy":"post_tag","embeddable":true,"href":"https:\/\/vub.hr\/en\/wp-json\/wp\/v2\/tags?post=21182"}],"curies":[{"name":"wp","href":"https:\/\/api.w.org\/{rel}","templated":true}]}}