{"id":21192,"date":"2023-01-16T23:54:00","date_gmt":"2023-01-16T22:54:00","guid":{"rendered":"https:\/\/vub.hr\/erasmus-mobility-at-sofia-university-st-kliment-ohridski-bulgaria\/"},"modified":"2025-01-21T23:55:34","modified_gmt":"2025-01-21T22:55:34","slug":"erasmus-mobility-at-sofia-university-st-kliment-ohridski-bulgaria","status":"publish","type":"post","link":"https:\/\/vub.hr\/en\/erasmus-mobility-at-sofia-university-st-kliment-ohridski-bulgaria\/","title":{"rendered":"Erasmus mobility at Sofia University &#8220;St. Kliment Ohridski,&#8221; Bulgaria"},"content":{"rendered":"\n<p>Erasmus coordinator Mateo Ivan\u010di\u0107 and faculty member Tomislav Adamovi\u0107 visited Sofia University &#8220;St. Kliment Ohridski,&#8221; Bulgaria, from January 9 to January 13. Details were agreed upon for a blended mobility program in which VUB students will participate. During the visit, a meeting was held, and a cooperation agreement was signed with the Faculty of Mathematics and Computer Science, through which our students will have the opportunity to participate in mobility and study at Sofia University &#8220;St. Kliment Ohridski.&#8221;<\/p>\n\n<figure class=\"wp-block-gallery has-nested-images columns-default is-cropped wp-block-gallery-1 is-layout-flex wp-block-gallery-is-layout-flex\">\n<figure class=\"wp-block-image size-large\"><img loading=\"lazy\" decoding=\"async\" width=\"1024\" height=\"909\" data-id=\"7989\" src=\"https:\/\/vub.hr\/wp-content\/uploads\/2023\/01\/IMG-20230109-WA0023-1024x909.jpg\" alt=\"\" class=\"wp-image-7989\" srcset=\"https:\/\/vub.hr\/wp-content\/uploads\/2023\/01\/IMG-20230109-WA0023-1024x909.jpg 1024w, https:\/\/vub.hr\/wp-content\/uploads\/2023\/01\/IMG-20230109-WA0023-300x266.jpg 300w, https:\/\/vub.hr\/wp-content\/uploads\/2023\/01\/IMG-20230109-WA0023-768x682.jpg 768w, https:\/\/vub.hr\/wp-content\/uploads\/2023\/01\/IMG-20230109-WA0023-1536x1364.jpg 1536w, https:\/\/vub.hr\/wp-content\/uploads\/2023\/01\/IMG-20230109-WA0023-1320x1172.jpg 1320w, https:\/\/vub.hr\/wp-content\/uploads\/2023\/01\/IMG-20230109-WA0023.jpg 1600w\" sizes=\"auto, (max-width: 1024px) 100vw, 1024px\" \/><\/figure>\n\n\n\n<figure class=\"wp-block-image size-large\"><img loading=\"lazy\" decoding=\"async\" width=\"1024\" height=\"766\" data-id=\"7991\" src=\"https:\/\/vub.hr\/wp-content\/uploads\/2023\/01\/IMG-20230110-WA0023-1024x766.jpg\" alt=\"\" class=\"wp-image-7991\" srcset=\"https:\/\/vub.hr\/wp-content\/uploads\/2023\/01\/IMG-20230110-WA0023-1024x766.jpg 1024w, https:\/\/vub.hr\/wp-content\/uploads\/2023\/01\/IMG-20230110-WA0023-300x224.jpg 300w, https:\/\/vub.hr\/wp-content\/uploads\/2023\/01\/IMG-20230110-WA0023-768x575.jpg 768w, https:\/\/vub.hr\/wp-content\/uploads\/2023\/01\/IMG-20230110-WA0023-1536x1149.jpg 1536w, https:\/\/vub.hr\/wp-content\/uploads\/2023\/01\/IMG-20230110-WA0023-1320x987.jpg 1320w, https:\/\/vub.hr\/wp-content\/uploads\/2023\/01\/IMG-20230110-WA0023.jpg 2048w\" sizes=\"auto, (max-width: 1024px) 100vw, 1024px\" \/><\/figure>\n\n\n\n<figure class=\"wp-block-image size-large\"><img loading=\"lazy\" decoding=\"async\" width=\"1024\" height=\"768\" data-id=\"7993\" src=\"https:\/\/vub.hr\/wp-content\/uploads\/2023\/01\/IMG-20230112-WA0009-1024x768.jpg\" alt=\"\" class=\"wp-image-7993\" srcset=\"https:\/\/vub.hr\/wp-content\/uploads\/2023\/01\/IMG-20230112-WA0009-1024x768.jpg 1024w, https:\/\/vub.hr\/wp-content\/uploads\/2023\/01\/IMG-20230112-WA0009-300x225.jpg 300w, https:\/\/vub.hr\/wp-content\/uploads\/2023\/01\/IMG-20230112-WA0009-768x576.jpg 768w, https:\/\/vub.hr\/wp-content\/uploads\/2023\/01\/IMG-20230112-WA0009-1536x1152.jpg 1536w, https:\/\/vub.hr\/wp-content\/uploads\/2023\/01\/IMG-20230112-WA0009-1320x990.jpg 1320w, https:\/\/vub.hr\/wp-content\/uploads\/2023\/01\/IMG-20230112-WA0009.jpg 1600w\" sizes=\"auto, (max-width: 1024px) 100vw, 1024px\" \/><\/figure>\n<\/figure>\n","protected":false},"excerpt":{"rendered":"<p>Erasmus coordinator Mateo Ivan\u010di\u0107 and faculty member Tomislav Adamovi\u0107 visited Sofia University &#8220;St. Kliment Ohridski,&#8221; Bulgaria, from January 9 to January 13. Details were agreed upon for a blended mobility&#8230;<\/p>\n","protected":false},"author":2,"featured_media":7990,"comment_status":"closed","ping_status":"closed","sticky":false,"template":"","format":"standard","meta":{"inline_featured_image":false,"footnotes":""},"categories":[64,59,58],"tags":[],"class_list":{"0":"post-21192","1":"post","2":"type-post","3":"status-publish","4":"format-standard","5":"has-post-thumbnail","7":"category-erasmus-iskustva-s-mobilnosti-en","8":"category-news","9":"category-obavijesti-racunarstvo-en"},"_links":{"self":[{"href":"https:\/\/vub.hr\/en\/wp-json\/wp\/v2\/posts\/21192","targetHints":{"allow":["GET"]}}],"collection":[{"href":"https:\/\/vub.hr\/en\/wp-json\/wp\/v2\/posts"}],"about":[{"href":"https:\/\/vub.hr\/en\/wp-json\/wp\/v2\/types\/post"}],"author":[{"embeddable":true,"href":"https:\/\/vub.hr\/en\/wp-json\/wp\/v2\/users\/2"}],"replies":[{"embeddable":true,"href":"https:\/\/vub.hr\/en\/wp-json\/wp\/v2\/comments?post=21192"}],"version-history":[{"count":1,"href":"https:\/\/vub.hr\/en\/wp-json\/wp\/v2\/posts\/21192\/revisions"}],"predecessor-version":[{"id":21193,"href":"https:\/\/vub.hr\/en\/wp-json\/wp\/v2\/posts\/21192\/revisions\/21193"}],"wp:featuredmedia":[{"embeddable":true,"href":"https:\/\/vub.hr\/en\/wp-json\/wp\/v2\/media\/7990"}],"wp:attachment":[{"href":"https:\/\/vub.hr\/en\/wp-json\/wp\/v2\/media?parent=21192"}],"wp:term":[{"taxonomy":"category","embeddable":true,"href":"https:\/\/vub.hr\/en\/wp-json\/wp\/v2\/categories?post=21192"},{"taxonomy":"post_tag","embeddable":true,"href":"https:\/\/vub.hr\/en\/wp-json\/wp\/v2\/tags?post=21192"}],"curies":[{"name":"wp","href":"https:\/\/api.w.org\/{rel}","templated":true}]}}